{"id":7409,"date":"2024-11-27T16:40:23","date_gmt":"2024-11-27T16:40:23","guid":{"rendered":"https:\/\/womeninalegalworld.com\/nombramiento-de-embajadores-de-la-igualdad-wlw-2024\/"},"modified":"2024-12-10T20:52:42","modified_gmt":"2024-12-10T20:52:42","slug":"nombramiento-de-embajadores-de-la-igualdad-wlw-2024","status":"publish","type":"post","link":"https:\/\/womeninalegalworld.com\/en\/nombramiento-de-embajadores-de-la-igualdad-wlw-2024\/","title":{"rendered":"Appointment of WLW Equality Ambassadors 2024"},"content":{"rendered":"\n<p>Yesterday, November 26, 2024, at Women in Legal World (WLW) we celebrated the appointment of its Equality Ambassadors at the Cecilio Rodr\u00edguez Gardens Pavilion, in Madrid. An event that, for the third consecutive year, brought together outstanding personalities from the legal, political, business and academic fields, united by our firm commitment to moving towards a more just, equitable and diverse society.<\/p>\n\n\n\n<p>The General Secretary of WLW, Ana Mart\u00ednez Engu\u00eddanos, began the event, highlighting the fundamental pillars on which WLW continues to build its mission: visibility of female talent, education, participation in public debate and leadership.<\/p>\n\n\n\n<p>Then, the WLW Equality Ambassadors were appointed, personalities who were chosen for their contribution to strengthening the values \u200b\u200bof equality, inclusion and leadership in their respective fields:<\/p>\n\n\n\n<ul class=\"wp-block-list\">\n<li>F\u00e9lix Bola\u00f1os, Minister of the Presidency, Justice and Relations with the Courts;<\/li>\n\n\n\n<li>C\u00e1ndido Conde-Pumpido, President of the Constitutional Court;<\/li>\n\n\n\n<li>Pedro Roll\u00e1n, the President of the Senate;<\/li>\n\n\n\n<li>Xavier Mart\u00ed Mart\u00ed, Undersecretary of the Ministry of Foreign Affairs;<\/li>\n\n\n\n<li>Salvador Gonz\u00e1lez Mart\u00edn, President of the General Council of the Legal Profession;<\/li>\n\n\n\n<li>Joan Roca Sagarra, Managing Partner of Roca Junyent;<\/li>\n\n\n\n<li>Antonio V\u00e1zquez Guill\u00e9n, Managing Partner of Allen &amp; Overy;<\/li>\n\n\n\n<li>Luis Alonso D\u00edez, Managing Partner of the Corporate\/M&amp;A area in Spain and Global Responsible Partner of Entertainment and Sports at Clifford Chance;<\/li>\n\n\n\n<li>Enrique Guti\u00e9rrez de la Rocha, Partner Responsible for Tax &amp; Legal at Deloitte;<\/li>\n\n\n\n<li>Antonio de Gregorio, Partner at Mckinsey;<\/li>\n\n\n\n<li>Hugo Rovira, General Director of NH Hotel Group;<\/li>\n\n\n\n<li>Javier Mu\u00f1oz Mart\u00ednez, General Secretary and Board of Directors of Prisa Media;<\/li>\n\n\n\n<li>Juan Jos\u00e9 S\u00e1nchez Puig, CEO of ISDE;<\/li>\n\n\n\n<li>Fernando Carrillo, Trustee of the Carolina Foundation;<\/li>\n\n\n\n<li>Tom\u00e1s Poveda, Former president of Casa de Am\u00e9rica and businessman;<\/li>\n\n\n\n<li>Aldo Scaringella, Manager Director of Iberian Legal Group;<\/li>\n\n\n\n<li>Alfredo L\u00f3pez Rodr\u00edguez, SDR Manager Europe VLEX;<\/li>\n\n\n\n<li>Antonio Serrano, MIT professor;<\/li>\n\n\n\n<li>Jorge Guti\u00e9rrez, Head of Groups at Banco de Santander.<\/li>\n<\/ul>\n\n\n\n<p>WLW President Marlen Est\u00e9vez closed the ceremony with inspiring words, thanking the new ambassadors for their commitment and encouraging them to continue fighting for equality. &#8220;Your presence here demonstrates that real change is possible when we work together. Equality is not just a cause for women, but a goal shared by all.&#8221;<\/p>\n\n\n\n<p>This event reaffirms WLW&#8217;s commitment to advancing gender equality and empowering women in the legal sector and beyond.<\/p>\n\n\n\n<p>Thank you to all the Equality Ambassadors for leading by example!<\/p>\n","protected":false},"excerpt":{"rendered":"<p>Ayer, 26 de noviembre de 2024, en WLW celebramos el acto de nombramiento de sus Embajadores de la Igualdad en el Pabell\u00f3n de los Jardines de Cecilio Rodr\u00edguez, en Madrid. <\/p>\n","protected":false},"author":11,"featured_media":7410,"comment_status":"open","ping_status":"open","sticky":false,"template":"","format":"standard","meta":{"footnotes":""},"categories":[195,196],"tags":[197,198],"class_list":["post-7409","post","type-post","status-publish","format-standard","has-post-thumbnail","hentry","category-eventos-en","category-nombramientos-en","tag-embajadores-en","tag-embajadores-de-la-igualdad-en"],"yoast_head":"<!-- This site is optimized with the Yoast SEO Premium plugin v20.8 (Yoast SEO v24.0) - https:\/\/yoast.com\/wordpress\/plugins\/seo\/ -->\n<title>Appointment of WLW Equality Ambassadors 2024 - Women in a Legal World<\/title>\n<meta name=\"description\" content=\"La Comisi\u00f3n de Derecho Sanitario de Women in a Legal World (WLW) ha celebrado en Madrid una sesi\u00f3n titulada \u201cInnovaci\u00f3n e investigaci\u00f3n cl\u00ednica: retos y oportunidades\u201d, en la sede y con el patrocinio del despacho de abogados Eversheds Sutherland, gracias a la inestimable colaboraci\u00f3n de Elena Garc\u00eda Uribarrena, Directora Legal del Departamento de Procesal y Ciencias de la Salud en Eversheds Sutherland.\" \/>\n<meta name=\"robots\" content=\"index, follow, max-snippet:-1, max-image-preview:large, max-video-preview:-1\" \/>\n<link rel=\"canonical\" href=\"https:\/\/womeninalegalworld.com\/en\/nombramiento-de-embajadores-de-la-igualdad-wlw-2024\/\" \/>\n<meta property=\"og:locale\" content=\"en_US\" \/>\n<meta property=\"og:type\" content=\"article\" \/>\n<meta property=\"og:title\" content=\"Appointment of WLW Equality Ambassadors 2024\" \/>\n<meta property=\"og:description\" content=\"La Comisi\u00f3n de Derecho Sanitario de Women in a Legal World (WLW) ha celebrado en Madrid una sesi\u00f3n titulada \u201cInnovaci\u00f3n e investigaci\u00f3n cl\u00ednica: retos y oportunidades\u201d, en la sede y con el patrocinio del despacho de abogados Eversheds Sutherland, gracias a la inestimable colaboraci\u00f3n de Elena Garc\u00eda Uribarrena, Directora Legal del Departamento de Procesal y Ciencias de la Salud en Eversheds Sutherland.\" \/>\n<meta property=\"og:url\" content=\"https:\/\/womeninalegalworld.com\/en\/nombramiento-de-embajadores-de-la-igualdad-wlw-2024\/\" \/>\n<meta property=\"og:site_name\" content=\"Women in a Legal World\" \/>\n<meta property=\"article:published_time\" content=\"2024-11-27T16:40:23+00:00\" \/>\n<meta property=\"article:modified_time\" content=\"2024-12-10T20:52:42+00:00\" \/>\n<meta property=\"og:image\" content=\"https:\/\/womeninalegalworld.com\/wp-content\/uploads\/2024\/11\/AJ59859-scaled.jpg\" \/>\n\t<meta property=\"og:image:width\" content=\"2560\" \/>\n\t<meta property=\"og:image:height\" content=\"1709\" \/>\n\t<meta property=\"og:image:type\" content=\"image\/jpeg\" \/>\n<meta name=\"author\" content=\"WLW\" \/>\n<meta name=\"twitter:card\" content=\"summary_large_image\" \/>\n<meta name=\"twitter:label1\" content=\"Written by\" \/>\n\t<meta name=\"twitter:data1\" content=\"WLW\" \/>\n\t<meta name=\"twitter:label2\" content=\"Est. reading time\" \/>\n\t<meta name=\"twitter:data2\" content=\"3 minutes\" \/>\n<script type=\"application\/ld+json\" class=\"yoast-schema-graph\">{\"@context\":\"https:\/\/schema.org\",\"@graph\":[{\"@type\":\"Article\",\"@id\":\"https:\/\/womeninalegalworld.com\/en\/nombramiento-de-embajadores-de-la-igualdad-wlw-2024\/#article\",\"isPartOf\":{\"@id\":\"https:\/\/womeninalegalworld.com\/en\/nombramiento-de-embajadores-de-la-igualdad-wlw-2024\/\"},\"author\":{\"name\":\"WLW\",\"@id\":\"https:\/\/womeninalegalworld.com\/#\/schema\/person\/df8099287e49c34c73b1400f9c176dca\"},\"headline\":\"Appointment of WLW Equality Ambassadors 2024\",\"datePublished\":\"2024-11-27T16:40:23+00:00\",\"dateModified\":\"2024-12-10T20:52:42+00:00\",\"mainEntityOfPage\":{\"@id\":\"https:\/\/womeninalegalworld.com\/en\/nombramiento-de-embajadores-de-la-igualdad-wlw-2024\/\"},\"wordCount\":410,\"commentCount\":0,\"publisher\":{\"@id\":\"https:\/\/womeninalegalworld.com\/#organization\"},\"image\":{\"@id\":\"https:\/\/womeninalegalworld.com\/en\/nombramiento-de-embajadores-de-la-igualdad-wlw-2024\/#primaryimage\"},\"thumbnailUrl\":\"https:\/\/womeninalegalworld.com\/wp-content\/uploads\/2024\/11\/AJ59859-scaled.jpg\",\"keywords\":[\"Embajadores\",\"Embajadores de la Igualdad\"],\"articleSection\":[\"Eventos\",\"Nombramientos\"],\"inLanguage\":\"en-US\",\"potentialAction\":[{\"@type\":\"CommentAction\",\"name\":\"Comment\",\"target\":[\"https:\/\/womeninalegalworld.com\/en\/nombramiento-de-embajadores-de-la-igualdad-wlw-2024\/#respond\"]}]},{\"@type\":\"WebPage\",\"@id\":\"https:\/\/womeninalegalworld.com\/en\/nombramiento-de-embajadores-de-la-igualdad-wlw-2024\/\",\"url\":\"https:\/\/womeninalegalworld.com\/en\/nombramiento-de-embajadores-de-la-igualdad-wlw-2024\/\",\"name\":\"Appointment of WLW Equality Ambassadors 2024 - Women in a Legal World\",\"isPartOf\":{\"@id\":\"https:\/\/womeninalegalworld.com\/#website\"},\"primaryImageOfPage\":{\"@id\":\"https:\/\/womeninalegalworld.com\/en\/nombramiento-de-embajadores-de-la-igualdad-wlw-2024\/#primaryimage\"},\"image\":{\"@id\":\"https:\/\/womeninalegalworld.com\/en\/nombramiento-de-embajadores-de-la-igualdad-wlw-2024\/#primaryimage\"},\"thumbnailUrl\":\"https:\/\/womeninalegalworld.com\/wp-content\/uploads\/2024\/11\/AJ59859-scaled.jpg\",\"datePublished\":\"2024-11-27T16:40:23+00:00\",\"dateModified\":\"2024-12-10T20:52:42+00:00\",\"description\":\"La Comisi\u00f3n de Derecho Sanitario de Women in a Legal World (WLW) ha celebrado en Madrid una sesi\u00f3n titulada \u201cInnovaci\u00f3n e investigaci\u00f3n cl\u00ednica: retos y oportunidades\u201d, en la sede y con el patrocinio del despacho de abogados Eversheds Sutherland, gracias a la inestimable colaboraci\u00f3n de Elena Garc\u00eda Uribarrena, Directora Legal del Departamento de Procesal y Ciencias de la Salud en Eversheds Sutherland.\",\"breadcrumb\":{\"@id\":\"https:\/\/womeninalegalworld.com\/en\/nombramiento-de-embajadores-de-la-igualdad-wlw-2024\/#breadcrumb\"},\"inLanguage\":\"en-US\",\"potentialAction\":[{\"@type\":\"ReadAction\",\"target\":[\"https:\/\/womeninalegalworld.com\/en\/nombramiento-de-embajadores-de-la-igualdad-wlw-2024\/\"]}]},{\"@type\":\"ImageObject\",\"inLanguage\":\"en-US\",\"@id\":\"https:\/\/womeninalegalworld.com\/en\/nombramiento-de-embajadores-de-la-igualdad-wlw-2024\/#primaryimage\",\"url\":\"https:\/\/womeninalegalworld.com\/wp-content\/uploads\/2024\/11\/AJ59859-scaled.jpg\",\"contentUrl\":\"https:\/\/womeninalegalworld.com\/wp-content\/uploads\/2024\/11\/AJ59859-scaled.jpg\",\"width\":2560,\"height\":1709},{\"@type\":\"BreadcrumbList\",\"@id\":\"https:\/\/womeninalegalworld.com\/en\/nombramiento-de-embajadores-de-la-igualdad-wlw-2024\/#breadcrumb\",\"itemListElement\":[{\"@type\":\"ListItem\",\"position\":1,\"name\":\"Portada\",\"item\":\"https:\/\/womeninalegalworld.com\/en\/\"},{\"@type\":\"ListItem\",\"position\":2,\"name\":\"Appointment of WLW Equality Ambassadors 2024\"}]},{\"@type\":\"WebSite\",\"@id\":\"https:\/\/womeninalegalworld.com\/#website\",\"url\":\"https:\/\/womeninalegalworld.com\/\",\"name\":\"Women in a Legal World\",\"description\":\"Liderazgo femenino en el sector legal\",\"publisher\":{\"@id\":\"https:\/\/womeninalegalworld.com\/#organization\"},\"potentialAction\":[{\"@type\":\"SearchAction\",\"target\":{\"@type\":\"EntryPoint\",\"urlTemplate\":\"https:\/\/womeninalegalworld.com\/?s={search_term_string}\"},\"query-input\":{\"@type\":\"PropertyValueSpecification\",\"valueRequired\":true,\"valueName\":\"search_term_string\"}}],\"inLanguage\":\"en-US\"},{\"@type\":\"Organization\",\"@id\":\"https:\/\/womeninalegalworld.com\/#organization\",\"name\":\"Women in a Legal World\",\"url\":\"https:\/\/womeninalegalworld.com\/\",\"logo\":{\"@type\":\"ImageObject\",\"inLanguage\":\"en-US\",\"@id\":\"https:\/\/womeninalegalworld.com\/#\/schema\/logo\/image\/\",\"url\":\"https:\/\/womeninalegalworld.com\/wp-content\/uploads\/2024\/04\/PERFIL-WLW.jpg\",\"contentUrl\":\"https:\/\/womeninalegalworld.com\/wp-content\/uploads\/2024\/04\/PERFIL-WLW.jpg\",\"width\":1080,\"height\":1080,\"caption\":\"Women in a Legal World\"},\"image\":{\"@id\":\"https:\/\/womeninalegalworld.com\/#\/schema\/logo\/image\/\"}},{\"@type\":\"Person\",\"@id\":\"https:\/\/womeninalegalworld.com\/#\/schema\/person\/df8099287e49c34c73b1400f9c176dca\",\"name\":\"WLW\",\"image\":{\"@type\":\"ImageObject\",\"inLanguage\":\"en-US\",\"@id\":\"https:\/\/womeninalegalworld.com\/#\/schema\/person\/image\/\",\"url\":\"https:\/\/secure.gravatar.com\/avatar\/2db1d4c2f28359f7c15c7c7a17d329de2251c56d676e75e115a38e06659091e8?s=96&d=mm&r=g\",\"contentUrl\":\"https:\/\/secure.gravatar.com\/avatar\/2db1d4c2f28359f7c15c7c7a17d329de2251c56d676e75e115a38e06659091e8?s=96&d=mm&r=g\",\"caption\":\"WLW\"}}]}<\/script>\n<!-- \/ Yoast SEO Premium plugin. -->","yoast_head_json":{"title":"Appointment of WLW Equality Ambassadors 2024 - Women in a Legal World","description":"La Comisi\u00f3n de Derecho Sanitario de Women in a Legal World (WLW) ha celebrado en Madrid una sesi\u00f3n titulada \u201cInnovaci\u00f3n e investigaci\u00f3n cl\u00ednica: retos y oportunidades\u201d, en la sede y con el patrocinio del despacho de abogados Eversheds Sutherland, gracias a la inestimable colaboraci\u00f3n de Elena Garc\u00eda Uribarrena, Directora Legal del Departamento de Procesal y Ciencias de la Salud en Eversheds Sutherland.","robots":{"index":"index","follow":"follow","max-snippet":"max-snippet:-1","max-image-preview":"max-image-preview:large","max-video-preview":"max-video-preview:-1"},"canonical":"https:\/\/womeninalegalworld.com\/en\/nombramiento-de-embajadores-de-la-igualdad-wlw-2024\/","og_locale":"en_US","og_type":"article","og_title":"Appointment of WLW Equality Ambassadors 2024","og_description":"La Comisi\u00f3n de Derecho Sanitario de Women in a Legal World (WLW) ha celebrado en Madrid una sesi\u00f3n titulada \u201cInnovaci\u00f3n e investigaci\u00f3n cl\u00ednica: retos y oportunidades\u201d, en la sede y con el patrocinio del despacho de abogados Eversheds Sutherland, gracias a la inestimable colaboraci\u00f3n de Elena Garc\u00eda Uribarrena, Directora Legal del Departamento de Procesal y Ciencias de la Salud en Eversheds Sutherland.","og_url":"https:\/\/womeninalegalworld.com\/en\/nombramiento-de-embajadores-de-la-igualdad-wlw-2024\/","og_site_name":"Women in a Legal World","article_published_time":"2024-11-27T16:40:23+00:00","article_modified_time":"2024-12-10T20:52:42+00:00","og_image":[{"width":2560,"height":1709,"url":"https:\/\/womeninalegalworld.com\/wp-content\/uploads\/2024\/11\/AJ59859-scaled.jpg","type":"image\/jpeg"}],"author":"WLW","twitter_card":"summary_large_image","twitter_misc":{"Written by":"WLW","Est. reading time":"3 minutes"},"schema":{"@context":"https:\/\/schema.org","@graph":[{"@type":"Article","@id":"https:\/\/womeninalegalworld.com\/en\/nombramiento-de-embajadores-de-la-igualdad-wlw-2024\/#article","isPartOf":{"@id":"https:\/\/womeninalegalworld.com\/en\/nombramiento-de-embajadores-de-la-igualdad-wlw-2024\/"},"author":{"name":"WLW","@id":"https:\/\/womeninalegalworld.com\/#\/schema\/person\/df8099287e49c34c73b1400f9c176dca"},"headline":"Appointment of WLW Equality Ambassadors 2024","datePublished":"2024-11-27T16:40:23+00:00","dateModified":"2024-12-10T20:52:42+00:00","mainEntityOfPage":{"@id":"https:\/\/womeninalegalworld.com\/en\/nombramiento-de-embajadores-de-la-igualdad-wlw-2024\/"},"wordCount":410,"commentCount":0,"publisher":{"@id":"https:\/\/womeninalegalworld.com\/#organization"},"image":{"@id":"https:\/\/womeninalegalworld.com\/en\/nombramiento-de-embajadores-de-la-igualdad-wlw-2024\/#primaryimage"},"thumbnailUrl":"https:\/\/womeninalegalworld.com\/wp-content\/uploads\/2024\/11\/AJ59859-scaled.jpg","keywords":["Embajadores","Embajadores de la Igualdad"],"articleSection":["Eventos","Nombramientos"],"inLanguage":"en-US","potentialAction":[{"@type":"CommentAction","name":"Comment","target":["https:\/\/womeninalegalworld.com\/en\/nombramiento-de-embajadores-de-la-igualdad-wlw-2024\/#respond"]}]},{"@type":"WebPage","@id":"https:\/\/womeninalegalworld.com\/en\/nombramiento-de-embajadores-de-la-igualdad-wlw-2024\/","url":"https:\/\/womeninalegalworld.com\/en\/nombramiento-de-embajadores-de-la-igualdad-wlw-2024\/","name":"Appointment of WLW Equality Ambassadors 2024 - Women in a Legal World","isPartOf":{"@id":"https:\/\/womeninalegalworld.com\/#website"},"primaryImageOfPage":{"@id":"https:\/\/womeninalegalworld.com\/en\/nombramiento-de-embajadores-de-la-igualdad-wlw-2024\/#primaryimage"},"image":{"@id":"https:\/\/womeninalegalworld.com\/en\/nombramiento-de-embajadores-de-la-igualdad-wlw-2024\/#primaryimage"},"thumbnailUrl":"https:\/\/womeninalegalworld.com\/wp-content\/uploads\/2024\/11\/AJ59859-scaled.jpg","datePublished":"2024-11-27T16:40:23+00:00","dateModified":"2024-12-10T20:52:42+00:00","description":"La Comisi\u00f3n de Derecho Sanitario de Women in a Legal World (WLW) ha celebrado en Madrid una sesi\u00f3n titulada \u201cInnovaci\u00f3n e investigaci\u00f3n cl\u00ednica: retos y oportunidades\u201d, en la sede y con el patrocinio del despacho de abogados Eversheds Sutherland, gracias a la inestimable colaboraci\u00f3n de Elena Garc\u00eda Uribarrena, Directora Legal del Departamento de Procesal y Ciencias de la Salud en Eversheds Sutherland.","breadcrumb":{"@id":"https:\/\/womeninalegalworld.com\/en\/nombramiento-de-embajadores-de-la-igualdad-wlw-2024\/#breadcrumb"},"inLanguage":"en-US","potentialAction":[{"@type":"ReadAction","target":["https:\/\/womeninalegalworld.com\/en\/nombramiento-de-embajadores-de-la-igualdad-wlw-2024\/"]}]},{"@type":"ImageObject","inLanguage":"en-US","@id":"https:\/\/womeninalegalworld.com\/en\/nombramiento-de-embajadores-de-la-igualdad-wlw-2024\/#primaryimage","url":"https:\/\/womeninalegalworld.com\/wp-content\/uploads\/2024\/11\/AJ59859-scaled.jpg","contentUrl":"https:\/\/womeninalegalworld.com\/wp-content\/uploads\/2024\/11\/AJ59859-scaled.jpg","width":2560,"height":1709},{"@type":"BreadcrumbList","@id":"https:\/\/womeninalegalworld.com\/en\/nombramiento-de-embajadores-de-la-igualdad-wlw-2024\/#breadcrumb","itemListElement":[{"@type":"ListItem","position":1,"name":"Portada","item":"https:\/\/womeninalegalworld.com\/en\/"},{"@type":"ListItem","position":2,"name":"Appointment of WLW Equality Ambassadors 2024"}]},{"@type":"WebSite","@id":"https:\/\/womeninalegalworld.com\/#website","url":"https:\/\/womeninalegalworld.com\/","name":"Women in a Legal World","description":"Liderazgo femenino en el sector legal","publisher":{"@id":"https:\/\/womeninalegalworld.com\/#organization"},"potentialAction":[{"@type":"SearchAction","target":{"@type":"EntryPoint","urlTemplate":"https:\/\/womeninalegalworld.com\/?s={search_term_string}"},"query-input":{"@type":"PropertyValueSpecification","valueRequired":true,"valueName":"search_term_string"}}],"inLanguage":"en-US"},{"@type":"Organization","@id":"https:\/\/womeninalegalworld.com\/#organization","name":"Women in a Legal World","url":"https:\/\/womeninalegalworld.com\/","logo":{"@type":"ImageObject","inLanguage":"en-US","@id":"https:\/\/womeninalegalworld.com\/#\/schema\/logo\/image\/","url":"https:\/\/womeninalegalworld.com\/wp-content\/uploads\/2024\/04\/PERFIL-WLW.jpg","contentUrl":"https:\/\/womeninalegalworld.com\/wp-content\/uploads\/2024\/04\/PERFIL-WLW.jpg","width":1080,"height":1080,"caption":"Women in a Legal World"},"image":{"@id":"https:\/\/womeninalegalworld.com\/#\/schema\/logo\/image\/"}},{"@type":"Person","@id":"https:\/\/womeninalegalworld.com\/#\/schema\/person\/df8099287e49c34c73b1400f9c176dca","name":"WLW","image":{"@type":"ImageObject","inLanguage":"en-US","@id":"https:\/\/womeninalegalworld.com\/#\/schema\/person\/image\/","url":"https:\/\/secure.gravatar.com\/avatar\/2db1d4c2f28359f7c15c7c7a17d329de2251c56d676e75e115a38e06659091e8?s=96&d=mm&r=g","contentUrl":"https:\/\/secure.gravatar.com\/avatar\/2db1d4c2f28359f7c15c7c7a17d329de2251c56d676e75e115a38e06659091e8?s=96&d=mm&r=g","caption":"WLW"}}]}},"_links":{"self":[{"href":"https:\/\/womeninalegalworld.com\/en\/wp-json\/wp\/v2\/posts\/7409","targetHints":{"allow":["GET"]}}],"collection":[{"href":"https:\/\/womeninalegalworld.com\/en\/wp-json\/wp\/v2\/posts"}],"about":[{"href":"https:\/\/womeninalegalworld.com\/en\/wp-json\/wp\/v2\/types\/post"}],"author":[{"embeddable":true,"href":"https:\/\/womeninalegalworld.com\/en\/wp-json\/wp\/v2\/users\/11"}],"replies":[{"embeddable":true,"href":"https:\/\/womeninalegalworld.com\/en\/wp-json\/wp\/v2\/comments?post=7409"}],"version-history":[{"count":1,"href":"https:\/\/womeninalegalworld.com\/en\/wp-json\/wp\/v2\/posts\/7409\/revisions"}],"predecessor-version":[{"id":7421,"href":"https:\/\/womeninalegalworld.com\/en\/wp-json\/wp\/v2\/posts\/7409\/revisions\/7421"}],"wp:featuredmedia":[{"embeddable":true,"href":"https:\/\/womeninalegalworld.com\/en\/wp-json\/wp\/v2\/media\/7410"}],"wp:attachment":[{"href":"https:\/\/womeninalegalworld.com\/en\/wp-json\/wp\/v2\/media?parent=7409"}],"wp:term":[{"taxonomy":"category","embeddable":true,"href":"https:\/\/womeninalegalworld.com\/en\/wp-json\/wp\/v2\/categories?post=7409"},{"taxonomy":"post_tag","embeddable":true,"href":"https:\/\/womeninalegalworld.com\/en\/wp-json\/wp\/v2\/tags?post=7409"}],"curies":[{"name":"wp","href":"https:\/\/api.w.org\/{rel}","templated":true}]}}