{"id":7407,"date":"2024-12-02T11:15:15","date_gmt":"2024-12-02T11:15:15","guid":{"rendered":"https:\/\/womeninalegalworld.com\/rethink-legal-galardonado-en-los-legal-marcom-awards-2024-de-gerico-associates\/"},"modified":"2024-12-10T20:49:35","modified_gmt":"2024-12-10T20:49:35","slug":"rethink-legal-galardonado-en-los-legal-marcom-awards-2024-de-gerico-associates","status":"publish","type":"post","link":"https:\/\/womeninalegalworld.com\/en\/rethink-legal-galardonado-en-los-legal-marcom-awards-2024-de-gerico-associates\/","title":{"rendered":"RETHINK LEGAL awarded at the Legal Marcom Awards 2024 by Geric\u00f3 Associates"},"content":{"rendered":"\n<p>Our RETHINK LEGAL project has been awarded at the Legal Marcom Awards 2024 by Geric\u00f3 Associates as the best female leadership initiative in Spain.<\/p>\n\n\n\n<p>RETHINK LEGAL, a project of the WLW Tech Commission led by Mar\u00eda M. Pardo de Vera and Teresa Parada Cano-Lasso, has been recognized for its innovation in three key pillars:<\/p>\n\n\n\n<p>Focus: Inspire to mobilize. Rethink to project.<\/p>\n\n\n\n<p>Methodology: Horizon scanning to detect signs of change at an international level with potential impact on the legal sector and incorporate workshops with experts from the legal sector.<\/p>\n\n\n\n<p>Human capital: Collaboration with leading futurists and experts, such as Lourdes Rodr\u00edguez Rodr\u00edguez (TOP 40 Forbes futurists), Juan Luis Moreno and Ana Delgado from The Valley Business &amp; Tech School, along with specialists from the legal and business sector.<\/p>\n\n\n\n<p>This recognition motivates us to continue building together a desired future for the legal sector.<\/p>\n\n\n\n<p>Thanks to:<\/p>\n\n\n\n<p>Our sponsors and collaborators. Your support has made this project possible: Deloitte Legal, Lefebvre Sarrut, The Valley Business &amp; Tech School.<\/p>\n\n\n\n<p>Our innovators, for mobilizing to inspire: Sara Molina Perez-Tom\u00e9, Mar\u00eda de la O Mart\u00ednez, Esther Mu\u00f1oz, Laia Moncos\u00ed Barasoain, Ana Alpera, Escarlata Gutierrez Mayo, Ana Bel\u00e9n Mart\u00ednez Engu\u00eddanos, Mar\u00eda M. Pardo de Vera and Teresa Parada Cano- Lasso.<\/p>\n\n\n\n<p>Venize Communication, because what is not told does not exist.<\/p>\n\n\n\n<p>Ana Carpintero G\u00f3mez, Teresa Barrenechea Arriola for their valuable contribution to these awards.<\/p>\n\n\n\n<p>And thanks to everyone who makes this transformative project possible!<\/p>\n\n\n\n<p>If you want to see the report, click <a href=\"https:\/\/womeninalegalworld.com\/rethink-legal-the-future-of-legal\/\">here<\/a>.<\/p>\n","protected":false},"excerpt":{"rendered":"<p>Rethink Legal est\u00e1 de enhorabuena<\/p>\n","protected":false},"author":11,"featured_media":7408,"comment_status":"open","ping_status":"open","sticky":false,"template":"","format":"standard","meta":{"footnotes":""},"categories":[195,196],"tags":[197,198],"class_list":["post-7407","post","type-post","status-publish","format-standard","has-post-thumbnail","hentry","category-eventos-en","category-nombramientos-en","tag-embajadores-en","tag-embajadores-de-la-igualdad-en"],"yoast_head":"<!-- This site is optimized with the Yoast SEO Premium plugin v20.8 (Yoast SEO v24.0) - https:\/\/yoast.com\/wordpress\/plugins\/seo\/ -->\n<title>RETHINK LEGAL awarded at the Legal Marcom Awards 2024 by Geric\u00f3 Associates - Women in a Legal World<\/title>\n<meta name=\"description\" content=\"La Comisi\u00f3n de Derecho Sanitario de Women in a Legal World (WLW) ha celebrado en Madrid una sesi\u00f3n titulada \u201cInnovaci\u00f3n e investigaci\u00f3n cl\u00ednica: retos y oportunidades\u201d, en la sede y con el patrocinio del despacho de abogados Eversheds Sutherland, gracias a la inestimable colaboraci\u00f3n de Elena Garc\u00eda Uribarrena, Directora Legal del Departamento de Procesal y Ciencias de la Salud en Eversheds Sutherland.\" \/>\n<meta name=\"robots\" content=\"index, follow, max-snippet:-1, max-image-preview:large, max-video-preview:-1\" \/>\n<link rel=\"canonical\" href=\"https:\/\/womeninalegalworld.com\/en\/rethink-legal-galardonado-en-los-legal-marcom-awards-2024-de-gerico-associates\/\" \/>\n<meta property=\"og:locale\" content=\"en_US\" \/>\n<meta property=\"og:type\" content=\"article\" \/>\n<meta property=\"og:title\" content=\"RETHINK LEGAL awarded at the Legal Marcom Awards 2024 by Geric\u00f3 Associates\" \/>\n<meta property=\"og:description\" content=\"La Comisi\u00f3n de Derecho Sanitario de Women in a Legal World (WLW) ha celebrado en Madrid una sesi\u00f3n titulada \u201cInnovaci\u00f3n e investigaci\u00f3n cl\u00ednica: retos y oportunidades\u201d, en la sede y con el patrocinio del despacho de abogados Eversheds Sutherland, gracias a la inestimable colaboraci\u00f3n de Elena Garc\u00eda Uribarrena, Directora Legal del Departamento de Procesal y Ciencias de la Salud en Eversheds Sutherland.\" \/>\n<meta property=\"og:url\" content=\"https:\/\/womeninalegalworld.com\/en\/rethink-legal-galardonado-en-los-legal-marcom-awards-2024-de-gerico-associates\/\" \/>\n<meta property=\"og:site_name\" content=\"Women in a Legal World\" \/>\n<meta property=\"article:published_time\" content=\"2024-12-02T11:15:15+00:00\" \/>\n<meta property=\"article:modified_time\" content=\"2024-12-10T20:49:35+00:00\" \/>\n<meta property=\"og:image\" content=\"https:\/\/womeninalegalworld.com\/wp-content\/uploads\/2024\/12\/1-scaled.jpg\" \/>\n\t<meta property=\"og:image:width\" content=\"1709\" \/>\n\t<meta property=\"og:image:height\" content=\"2560\" \/>\n\t<meta property=\"og:image:type\" content=\"image\/jpeg\" \/>\n<meta name=\"author\" content=\"WLW\" \/>\n<meta name=\"twitter:card\" content=\"summary_large_image\" \/>\n<meta name=\"twitter:label1\" content=\"Written by\" \/>\n\t<meta name=\"twitter:data1\" content=\"WLW\" \/>\n\t<meta name=\"twitter:label2\" content=\"Est. reading time\" \/>\n\t<meta name=\"twitter:data2\" content=\"2 minutes\" \/>\n<script type=\"application\/ld+json\" class=\"yoast-schema-graph\">{\"@context\":\"https:\/\/schema.org\",\"@graph\":[{\"@type\":\"Article\",\"@id\":\"https:\/\/womeninalegalworld.com\/en\/rethink-legal-galardonado-en-los-legal-marcom-awards-2024-de-gerico-associates\/#article\",\"isPartOf\":{\"@id\":\"https:\/\/womeninalegalworld.com\/en\/rethink-legal-galardonado-en-los-legal-marcom-awards-2024-de-gerico-associates\/\"},\"author\":{\"name\":\"WLW\",\"@id\":\"https:\/\/womeninalegalworld.com\/#\/schema\/person\/df8099287e49c34c73b1400f9c176dca\"},\"headline\":\"RETHINK LEGAL awarded at the Legal Marcom Awards 2024 by Geric\u00f3 Associates\",\"datePublished\":\"2024-12-02T11:15:15+00:00\",\"dateModified\":\"2024-12-10T20:49:35+00:00\",\"mainEntityOfPage\":{\"@id\":\"https:\/\/womeninalegalworld.com\/en\/rethink-legal-galardonado-en-los-legal-marcom-awards-2024-de-gerico-associates\/\"},\"wordCount\":266,\"commentCount\":0,\"publisher\":{\"@id\":\"https:\/\/womeninalegalworld.com\/#organization\"},\"image\":{\"@id\":\"https:\/\/womeninalegalworld.com\/en\/rethink-legal-galardonado-en-los-legal-marcom-awards-2024-de-gerico-associates\/#primaryimage\"},\"thumbnailUrl\":\"https:\/\/womeninalegalworld.com\/wp-content\/uploads\/2024\/12\/1-scaled.jpg\",\"keywords\":[\"Embajadores\",\"Embajadores de la Igualdad\"],\"articleSection\":[\"Eventos\",\"Nombramientos\"],\"inLanguage\":\"en-US\",\"potentialAction\":[{\"@type\":\"CommentAction\",\"name\":\"Comment\",\"target\":[\"https:\/\/womeninalegalworld.com\/en\/rethink-legal-galardonado-en-los-legal-marcom-awards-2024-de-gerico-associates\/#respond\"]}]},{\"@type\":\"WebPage\",\"@id\":\"https:\/\/womeninalegalworld.com\/en\/rethink-legal-galardonado-en-los-legal-marcom-awards-2024-de-gerico-associates\/\",\"url\":\"https:\/\/womeninalegalworld.com\/en\/rethink-legal-galardonado-en-los-legal-marcom-awards-2024-de-gerico-associates\/\",\"name\":\"RETHINK LEGAL awarded at the Legal Marcom Awards 2024 by Geric\u00f3 Associates - Women in a Legal World\",\"isPartOf\":{\"@id\":\"https:\/\/womeninalegalworld.com\/#website\"},\"primaryImageOfPage\":{\"@id\":\"https:\/\/womeninalegalworld.com\/en\/rethink-legal-galardonado-en-los-legal-marcom-awards-2024-de-gerico-associates\/#primaryimage\"},\"image\":{\"@id\":\"https:\/\/womeninalegalworld.com\/en\/rethink-legal-galardonado-en-los-legal-marcom-awards-2024-de-gerico-associates\/#primaryimage\"},\"thumbnailUrl\":\"https:\/\/womeninalegalworld.com\/wp-content\/uploads\/2024\/12\/1-scaled.jpg\",\"datePublished\":\"2024-12-02T11:15:15+00:00\",\"dateModified\":\"2024-12-10T20:49:35+00:00\",\"description\":\"La Comisi\u00f3n de Derecho Sanitario de Women in a Legal World (WLW) ha celebrado en Madrid una sesi\u00f3n titulada \u201cInnovaci\u00f3n e investigaci\u00f3n cl\u00ednica: retos y oportunidades\u201d, en la sede y con el patrocinio del despacho de abogados Eversheds Sutherland, gracias a la inestimable colaboraci\u00f3n de Elena Garc\u00eda Uribarrena, Directora Legal del Departamento de Procesal y Ciencias de la Salud en Eversheds Sutherland.\",\"breadcrumb\":{\"@id\":\"https:\/\/womeninalegalworld.com\/en\/rethink-legal-galardonado-en-los-legal-marcom-awards-2024-de-gerico-associates\/#breadcrumb\"},\"inLanguage\":\"en-US\",\"potentialAction\":[{\"@type\":\"ReadAction\",\"target\":[\"https:\/\/womeninalegalworld.com\/en\/rethink-legal-galardonado-en-los-legal-marcom-awards-2024-de-gerico-associates\/\"]}]},{\"@type\":\"ImageObject\",\"inLanguage\":\"en-US\",\"@id\":\"https:\/\/womeninalegalworld.com\/en\/rethink-legal-galardonado-en-los-legal-marcom-awards-2024-de-gerico-associates\/#primaryimage\",\"url\":\"https:\/\/womeninalegalworld.com\/wp-content\/uploads\/2024\/12\/1-scaled.jpg\",\"contentUrl\":\"https:\/\/womeninalegalworld.com\/wp-content\/uploads\/2024\/12\/1-scaled.jpg\",\"width\":1709,\"height\":2560},{\"@type\":\"BreadcrumbList\",\"@id\":\"https:\/\/womeninalegalworld.com\/en\/rethink-legal-galardonado-en-los-legal-marcom-awards-2024-de-gerico-associates\/#breadcrumb\",\"itemListElement\":[{\"@type\":\"ListItem\",\"position\":1,\"name\":\"Portada\",\"item\":\"https:\/\/womeninalegalworld.com\/en\/\"},{\"@type\":\"ListItem\",\"position\":2,\"name\":\"RETHINK LEGAL awarded at the Legal Marcom Awards 2024 by Geric\u00f3 Associates\"}]},{\"@type\":\"WebSite\",\"@id\":\"https:\/\/womeninalegalworld.com\/#website\",\"url\":\"https:\/\/womeninalegalworld.com\/\",\"name\":\"Women in a Legal World\",\"description\":\"Liderazgo femenino en el sector legal\",\"publisher\":{\"@id\":\"https:\/\/womeninalegalworld.com\/#organization\"},\"potentialAction\":[{\"@type\":\"SearchAction\",\"target\":{\"@type\":\"EntryPoint\",\"urlTemplate\":\"https:\/\/womeninalegalworld.com\/?s={search_term_string}\"},\"query-input\":{\"@type\":\"PropertyValueSpecification\",\"valueRequired\":true,\"valueName\":\"search_term_string\"}}],\"inLanguage\":\"en-US\"},{\"@type\":\"Organization\",\"@id\":\"https:\/\/womeninalegalworld.com\/#organization\",\"name\":\"Women in a Legal World\",\"url\":\"https:\/\/womeninalegalworld.com\/\",\"logo\":{\"@type\":\"ImageObject\",\"inLanguage\":\"en-US\",\"@id\":\"https:\/\/womeninalegalworld.com\/#\/schema\/logo\/image\/\",\"url\":\"https:\/\/womeninalegalworld.com\/wp-content\/uploads\/2024\/04\/PERFIL-WLW.jpg\",\"contentUrl\":\"https:\/\/womeninalegalworld.com\/wp-content\/uploads\/2024\/04\/PERFIL-WLW.jpg\",\"width\":1080,\"height\":1080,\"caption\":\"Women in a Legal World\"},\"image\":{\"@id\":\"https:\/\/womeninalegalworld.com\/#\/schema\/logo\/image\/\"}},{\"@type\":\"Person\",\"@id\":\"https:\/\/womeninalegalworld.com\/#\/schema\/person\/df8099287e49c34c73b1400f9c176dca\",\"name\":\"WLW\",\"image\":{\"@type\":\"ImageObject\",\"inLanguage\":\"en-US\",\"@id\":\"https:\/\/womeninalegalworld.com\/#\/schema\/person\/image\/\",\"url\":\"https:\/\/secure.gravatar.com\/avatar\/2db1d4c2f28359f7c15c7c7a17d329de2251c56d676e75e115a38e06659091e8?s=96&d=mm&r=g\",\"contentUrl\":\"https:\/\/secure.gravatar.com\/avatar\/2db1d4c2f28359f7c15c7c7a17d329de2251c56d676e75e115a38e06659091e8?s=96&d=mm&r=g\",\"caption\":\"WLW\"}}]}<\/script>\n<!-- \/ Yoast SEO Premium plugin. -->","yoast_head_json":{"title":"RETHINK LEGAL awarded at the Legal Marcom Awards 2024 by Geric\u00f3 Associates - Women in a Legal World","description":"La Comisi\u00f3n de Derecho Sanitario de Women in a Legal World (WLW) ha celebrado en Madrid una sesi\u00f3n titulada \u201cInnovaci\u00f3n e investigaci\u00f3n cl\u00ednica: retos y oportunidades\u201d, en la sede y con el patrocinio del despacho de abogados Eversheds Sutherland, gracias a la inestimable colaboraci\u00f3n de Elena Garc\u00eda Uribarrena, Directora Legal del Departamento de Procesal y Ciencias de la Salud en Eversheds Sutherland.","robots":{"index":"index","follow":"follow","max-snippet":"max-snippet:-1","max-image-preview":"max-image-preview:large","max-video-preview":"max-video-preview:-1"},"canonical":"https:\/\/womeninalegalworld.com\/en\/rethink-legal-galardonado-en-los-legal-marcom-awards-2024-de-gerico-associates\/","og_locale":"en_US","og_type":"article","og_title":"RETHINK LEGAL awarded at the Legal Marcom Awards 2024 by Geric\u00f3 Associates","og_description":"La Comisi\u00f3n de Derecho Sanitario de Women in a Legal World (WLW) ha celebrado en Madrid una sesi\u00f3n titulada \u201cInnovaci\u00f3n e investigaci\u00f3n cl\u00ednica: retos y oportunidades\u201d, en la sede y con el patrocinio del despacho de abogados Eversheds Sutherland, gracias a la inestimable colaboraci\u00f3n de Elena Garc\u00eda Uribarrena, Directora Legal del Departamento de Procesal y Ciencias de la Salud en Eversheds Sutherland.","og_url":"https:\/\/womeninalegalworld.com\/en\/rethink-legal-galardonado-en-los-legal-marcom-awards-2024-de-gerico-associates\/","og_site_name":"Women in a Legal World","article_published_time":"2024-12-02T11:15:15+00:00","article_modified_time":"2024-12-10T20:49:35+00:00","og_image":[{"width":1709,"height":2560,"url":"https:\/\/womeninalegalworld.com\/wp-content\/uploads\/2024\/12\/1-scaled.jpg","type":"image\/jpeg"}],"author":"WLW","twitter_card":"summary_large_image","twitter_misc":{"Written by":"WLW","Est. reading time":"2 minutes"},"schema":{"@context":"https:\/\/schema.org","@graph":[{"@type":"Article","@id":"https:\/\/womeninalegalworld.com\/en\/rethink-legal-galardonado-en-los-legal-marcom-awards-2024-de-gerico-associates\/#article","isPartOf":{"@id":"https:\/\/womeninalegalworld.com\/en\/rethink-legal-galardonado-en-los-legal-marcom-awards-2024-de-gerico-associates\/"},"author":{"name":"WLW","@id":"https:\/\/womeninalegalworld.com\/#\/schema\/person\/df8099287e49c34c73b1400f9c176dca"},"headline":"RETHINK LEGAL awarded at the Legal Marcom Awards 2024 by Geric\u00f3 Associates","datePublished":"2024-12-02T11:15:15+00:00","dateModified":"2024-12-10T20:49:35+00:00","mainEntityOfPage":{"@id":"https:\/\/womeninalegalworld.com\/en\/rethink-legal-galardonado-en-los-legal-marcom-awards-2024-de-gerico-associates\/"},"wordCount":266,"commentCount":0,"publisher":{"@id":"https:\/\/womeninalegalworld.com\/#organization"},"image":{"@id":"https:\/\/womeninalegalworld.com\/en\/rethink-legal-galardonado-en-los-legal-marcom-awards-2024-de-gerico-associates\/#primaryimage"},"thumbnailUrl":"https:\/\/womeninalegalworld.com\/wp-content\/uploads\/2024\/12\/1-scaled.jpg","keywords":["Embajadores","Embajadores de la Igualdad"],"articleSection":["Eventos","Nombramientos"],"inLanguage":"en-US","potentialAction":[{"@type":"CommentAction","name":"Comment","target":["https:\/\/womeninalegalworld.com\/en\/rethink-legal-galardonado-en-los-legal-marcom-awards-2024-de-gerico-associates\/#respond"]}]},{"@type":"WebPage","@id":"https:\/\/womeninalegalworld.com\/en\/rethink-legal-galardonado-en-los-legal-marcom-awards-2024-de-gerico-associates\/","url":"https:\/\/womeninalegalworld.com\/en\/rethink-legal-galardonado-en-los-legal-marcom-awards-2024-de-gerico-associates\/","name":"RETHINK LEGAL awarded at the Legal Marcom Awards 2024 by Geric\u00f3 Associates - Women in a Legal World","isPartOf":{"@id":"https:\/\/womeninalegalworld.com\/#website"},"primaryImageOfPage":{"@id":"https:\/\/womeninalegalworld.com\/en\/rethink-legal-galardonado-en-los-legal-marcom-awards-2024-de-gerico-associates\/#primaryimage"},"image":{"@id":"https:\/\/womeninalegalworld.com\/en\/rethink-legal-galardonado-en-los-legal-marcom-awards-2024-de-gerico-associates\/#primaryimage"},"thumbnailUrl":"https:\/\/womeninalegalworld.com\/wp-content\/uploads\/2024\/12\/1-scaled.jpg","datePublished":"2024-12-02T11:15:15+00:00","dateModified":"2024-12-10T20:49:35+00:00","description":"La Comisi\u00f3n de Derecho Sanitario de Women in a Legal World (WLW) ha celebrado en Madrid una sesi\u00f3n titulada \u201cInnovaci\u00f3n e investigaci\u00f3n cl\u00ednica: retos y oportunidades\u201d, en la sede y con el patrocinio del despacho de abogados Eversheds Sutherland, gracias a la inestimable colaboraci\u00f3n de Elena Garc\u00eda Uribarrena, Directora Legal del Departamento de Procesal y Ciencias de la Salud en Eversheds Sutherland.","breadcrumb":{"@id":"https:\/\/womeninalegalworld.com\/en\/rethink-legal-galardonado-en-los-legal-marcom-awards-2024-de-gerico-associates\/#breadcrumb"},"inLanguage":"en-US","potentialAction":[{"@type":"ReadAction","target":["https:\/\/womeninalegalworld.com\/en\/rethink-legal-galardonado-en-los-legal-marcom-awards-2024-de-gerico-associates\/"]}]},{"@type":"ImageObject","inLanguage":"en-US","@id":"https:\/\/womeninalegalworld.com\/en\/rethink-legal-galardonado-en-los-legal-marcom-awards-2024-de-gerico-associates\/#primaryimage","url":"https:\/\/womeninalegalworld.com\/wp-content\/uploads\/2024\/12\/1-scaled.jpg","contentUrl":"https:\/\/womeninalegalworld.com\/wp-content\/uploads\/2024\/12\/1-scaled.jpg","width":1709,"height":2560},{"@type":"BreadcrumbList","@id":"https:\/\/womeninalegalworld.com\/en\/rethink-legal-galardonado-en-los-legal-marcom-awards-2024-de-gerico-associates\/#breadcrumb","itemListElement":[{"@type":"ListItem","position":1,"name":"Portada","item":"https:\/\/womeninalegalworld.com\/en\/"},{"@type":"ListItem","position":2,"name":"RETHINK LEGAL awarded at the Legal Marcom Awards 2024 by Geric\u00f3 Associates"}]},{"@type":"WebSite","@id":"https:\/\/womeninalegalworld.com\/#website","url":"https:\/\/womeninalegalworld.com\/","name":"Women in a Legal World","description":"Liderazgo femenino en el sector legal","publisher":{"@id":"https:\/\/womeninalegalworld.com\/#organization"},"potentialAction":[{"@type":"SearchAction","target":{"@type":"EntryPoint","urlTemplate":"https:\/\/womeninalegalworld.com\/?s={search_term_string}"},"query-input":{"@type":"PropertyValueSpecification","valueRequired":true,"valueName":"search_term_string"}}],"inLanguage":"en-US"},{"@type":"Organization","@id":"https:\/\/womeninalegalworld.com\/#organization","name":"Women in a Legal World","url":"https:\/\/womeninalegalworld.com\/","logo":{"@type":"ImageObject","inLanguage":"en-US","@id":"https:\/\/womeninalegalworld.com\/#\/schema\/logo\/image\/","url":"https:\/\/womeninalegalworld.com\/wp-content\/uploads\/2024\/04\/PERFIL-WLW.jpg","contentUrl":"https:\/\/womeninalegalworld.com\/wp-content\/uploads\/2024\/04\/PERFIL-WLW.jpg","width":1080,"height":1080,"caption":"Women in a Legal World"},"image":{"@id":"https:\/\/womeninalegalworld.com\/#\/schema\/logo\/image\/"}},{"@type":"Person","@id":"https:\/\/womeninalegalworld.com\/#\/schema\/person\/df8099287e49c34c73b1400f9c176dca","name":"WLW","image":{"@type":"ImageObject","inLanguage":"en-US","@id":"https:\/\/womeninalegalworld.com\/#\/schema\/person\/image\/","url":"https:\/\/secure.gravatar.com\/avatar\/2db1d4c2f28359f7c15c7c7a17d329de2251c56d676e75e115a38e06659091e8?s=96&d=mm&r=g","contentUrl":"https:\/\/secure.gravatar.com\/avatar\/2db1d4c2f28359f7c15c7c7a17d329de2251c56d676e75e115a38e06659091e8?s=96&d=mm&r=g","caption":"WLW"}}]}},"_links":{"self":[{"href":"https:\/\/womeninalegalworld.com\/en\/wp-json\/wp\/v2\/posts\/7407","targetHints":{"allow":["GET"]}}],"collection":[{"href":"https:\/\/womeninalegalworld.com\/en\/wp-json\/wp\/v2\/posts"}],"about":[{"href":"https:\/\/womeninalegalworld.com\/en\/wp-json\/wp\/v2\/types\/post"}],"author":[{"embeddable":true,"href":"https:\/\/womeninalegalworld.com\/en\/wp-json\/wp\/v2\/users\/11"}],"replies":[{"embeddable":true,"href":"https:\/\/womeninalegalworld.com\/en\/wp-json\/wp\/v2\/comments?post=7407"}],"version-history":[{"count":1,"href":"https:\/\/womeninalegalworld.com\/en\/wp-json\/wp\/v2\/posts\/7407\/revisions"}],"predecessor-version":[{"id":7419,"href":"https:\/\/womeninalegalworld.com\/en\/wp-json\/wp\/v2\/posts\/7407\/revisions\/7419"}],"wp:featuredmedia":[{"embeddable":true,"href":"https:\/\/womeninalegalworld.com\/en\/wp-json\/wp\/v2\/media\/7408"}],"wp:attachment":[{"href":"https:\/\/womeninalegalworld.com\/en\/wp-json\/wp\/v2\/media?parent=7407"}],"wp:term":[{"taxonomy":"category","embeddable":true,"href":"https:\/\/womeninalegalworld.com\/en\/wp-json\/wp\/v2\/categories?post=7407"},{"taxonomy":"post_tag","embeddable":true,"href":"https:\/\/womeninalegalworld.com\/en\/wp-json\/wp\/v2\/tags?post=7407"}],"curies":[{"name":"wp","href":"https:\/\/api.w.org\/{rel}","templated":true}]}}